{"id":8242,"date":"2022-09-14T19:20:23","date_gmt":"2022-09-14T19:20:23","guid":{"rendered":"https:\/\/internacional.udp.cl\/?p=8242"},"modified":"2023-03-21T16:10:35","modified_gmt":"2023-03-21T16:10:35","slug":"estudiante-de-la-universidad-de-columbia-hizo-su-pasantia-en-la-facultad-de-comunicacion-y-letras-udp-y-trabajo-en-el-corpus-de-poesia-mas-grande-de-chile-en-formatos-electronicos","status":"publish","type":"post","link":"https:\/\/internacional.udp.cl\/en\/estudiante-de-la-universidad-de-columbia-hizo-su-pasantia-en-la-facultad-de-comunicacion-y-letras-udp-y-trabajo-en-el-corpus-de-poesia-mas-grande-de-chile-en-formatos-electronicos\/","title":{"rendered":"Estudiante de la Universidad de Columbia hizo su pasant\u00eda en la Facultad de Comunicaci\u00f3n y Letras UDP y trabaj\u00f3 en el corpus de poes\u00eda m\u00e1s grande de Chile en formatos electr\u00f3nicos"},"content":{"rendered":"<p class=\"qtranxs-available-languages-message qtranxs-available-languages-message-en\">Sorry, this entry is only available in <a href=\"https:\/\/internacional.udp.cl\/es\/wp-json\/wp\/v2\/posts\/8242\" class=\"qtranxs-available-language-link qtranxs-available-language-link-es\" title=\"ES\">ES<\/a>.<\/p>","protected":false},"excerpt":{"rendered":"<p>Sorry, this entry is only available in ES.<\/p>\n","protected":false},"author":1,"featured_media":9007,"comment_status":"open","ping_status":"open","sticky":false,"template":"","format":"standard","meta":{"_acf_changed":false,"footnotes":""},"categories":[1],"tags":[],"class_list":["post-8242","post","type-post","status-publish","format-standard","has-post-thumbnail","hentry","category-noticias"],"acf":[],"_links":{"self":[{"href":"https:\/\/internacional.udp.cl\/en\/wp-json\/wp\/v2\/posts\/8242","targetHints":{"allow":["GET"]}}],"collection":[{"href":"https:\/\/internacional.udp.cl\/en\/wp-json\/wp\/v2\/posts"}],"about":[{"href":"https:\/\/internacional.udp.cl\/en\/wp-json\/wp\/v2\/types\/post"}],"author":[{"embeddable":true,"href":"https:\/\/internacional.udp.cl\/en\/wp-json\/wp\/v2\/users\/1"}],"replies":[{"embeddable":true,"href":"https:\/\/internacional.udp.cl\/en\/wp-json\/wp\/v2\/comments?post=8242"}],"version-history":[{"count":1,"href":"https:\/\/internacional.udp.cl\/en\/wp-json\/wp\/v2\/posts\/8242\/revisions"}],"predecessor-version":[{"id":9008,"href":"https:\/\/internacional.udp.cl\/en\/wp-json\/wp\/v2\/posts\/8242\/revisions\/9008"}],"wp:featuredmedia":[{"embeddable":true,"href":"https:\/\/internacional.udp.cl\/en\/wp-json\/wp\/v2\/media\/9007"}],"wp:attachment":[{"href":"https:\/\/internacional.udp.cl\/en\/wp-json\/wp\/v2\/media?parent=8242"}],"wp:term":[{"taxonomy":"category","embeddable":true,"href":"https:\/\/internacional.udp.cl\/en\/wp-json\/wp\/v2\/categories?post=8242"},{"taxonomy":"post_tag","embeddable":true,"href":"https:\/\/internacional.udp.cl\/en\/wp-json\/wp\/v2\/tags?post=8242"}],"curies":[{"name":"wp","href":"https:\/\/api.w.org\/{rel}","templated":true}]}}