{"id":8239,"date":"2022-09-28T19:19:15","date_gmt":"2022-09-28T19:19:15","guid":{"rendered":"https:\/\/internacional.udp.cl\/?p=8239"},"modified":"2023-03-21T16:10:13","modified_gmt":"2023-03-21T16:10:13","slug":"amalia-moya-alumna-de-pedagogia-general-basica-udp-se-adjudico-la-beca-santander-de-movilidad-internacional","status":"publish","type":"post","link":"https:\/\/internacional.udp.cl\/en\/amalia-moya-alumna-de-pedagogia-general-basica-udp-se-adjudico-la-beca-santander-de-movilidad-internacional\/","title":{"rendered":"Amalia Moya, alumna de Pedagog\u00eda General B\u00e1sica UDP, se adjudic\u00f3 la Beca Santander de Movilidad Internacional"},"content":{"rendered":"<p class=\"qtranxs-available-languages-message qtranxs-available-languages-message-en\">Sorry, this entry is only available in <a href=\"https:\/\/internacional.udp.cl\/es\/wp-json\/wp\/v2\/posts\/8239\" class=\"qtranxs-available-language-link qtranxs-available-language-link-es\" title=\"ES\">ES<\/a>.<\/p>","protected":false},"excerpt":{"rendered":"<p>Sorry, this entry is only available in ES.<\/p>\n","protected":false},"author":1,"featured_media":9005,"comment_status":"open","ping_status":"open","sticky":false,"template":"","format":"standard","meta":{"_acf_changed":false,"footnotes":""},"categories":[1],"tags":[],"class_list":["post-8239","post","type-post","status-publish","format-standard","has-post-thumbnail","hentry","category-noticias"],"acf":[],"_links":{"self":[{"href":"https:\/\/internacional.udp.cl\/en\/wp-json\/wp\/v2\/posts\/8239","targetHints":{"allow":["GET"]}}],"collection":[{"href":"https:\/\/internacional.udp.cl\/en\/wp-json\/wp\/v2\/posts"}],"about":[{"href":"https:\/\/internacional.udp.cl\/en\/wp-json\/wp\/v2\/types\/post"}],"author":[{"embeddable":true,"href":"https:\/\/internacional.udp.cl\/en\/wp-json\/wp\/v2\/users\/1"}],"replies":[{"embeddable":true,"href":"https:\/\/internacional.udp.cl\/en\/wp-json\/wp\/v2\/comments?post=8239"}],"version-history":[{"count":1,"href":"https:\/\/internacional.udp.cl\/en\/wp-json\/wp\/v2\/posts\/8239\/revisions"}],"predecessor-version":[{"id":9006,"href":"https:\/\/internacional.udp.cl\/en\/wp-json\/wp\/v2\/posts\/8239\/revisions\/9006"}],"wp:featuredmedia":[{"embeddable":true,"href":"https:\/\/internacional.udp.cl\/en\/wp-json\/wp\/v2\/media\/9005"}],"wp:attachment":[{"href":"https:\/\/internacional.udp.cl\/en\/wp-json\/wp\/v2\/media?parent=8239"}],"wp:term":[{"taxonomy":"category","embeddable":true,"href":"https:\/\/internacional.udp.cl\/en\/wp-json\/wp\/v2\/categories?post=8239"},{"taxonomy":"post_tag","embeddable":true,"href":"https:\/\/internacional.udp.cl\/en\/wp-json\/wp\/v2\/tags?post=8239"}],"curies":[{"name":"wp","href":"https:\/\/api.w.org\/{rel}","templated":true}]}}