{"id":8038,"date":"2022-08-22T16:56:21","date_gmt":"2022-08-22T16:56:21","guid":{"rendered":"https:\/\/internacional.udp.cl\/?p=8038"},"modified":"2023-03-21T16:17:09","modified_gmt":"2023-03-21T16:17:09","slug":"renovacion-doble-titulacion-mlv-udp","status":"publish","type":"post","link":"https:\/\/internacional.udp.cl\/en\/renovacion-doble-titulacion-mlv-udp\/","title":{"rendered":"Con visita a Francia de Acad\u00e9micas de Arquitectura, se renov\u00f3 convenio de doble titulaci\u00f3n internacional"},"content":{"rendered":"<p class=\"qtranxs-available-languages-message qtranxs-available-languages-message-en\">Sorry, this entry is only available in <a href=\"https:\/\/internacional.udp.cl\/es\/wp-json\/wp\/v2\/posts\/8038\" class=\"qtranxs-available-language-link qtranxs-available-language-link-es\" title=\"ES\">ES<\/a>.<\/p>","protected":false},"excerpt":{"rendered":"<p>Sorry, this entry is only available in ES.<\/p>\n","protected":false},"author":1,"featured_media":9018,"comment_status":"open","ping_status":"open","sticky":false,"template":"","format":"standard","meta":{"_acf_changed":false,"footnotes":""},"categories":[1],"tags":[],"class_list":["post-8038","post","type-post","status-publish","format-standard","has-post-thumbnail","hentry","category-noticias"],"acf":[],"_links":{"self":[{"href":"https:\/\/internacional.udp.cl\/en\/wp-json\/wp\/v2\/posts\/8038","targetHints":{"allow":["GET"]}}],"collection":[{"href":"https:\/\/internacional.udp.cl\/en\/wp-json\/wp\/v2\/posts"}],"about":[{"href":"https:\/\/internacional.udp.cl\/en\/wp-json\/wp\/v2\/types\/post"}],"author":[{"embeddable":true,"href":"https:\/\/internacional.udp.cl\/en\/wp-json\/wp\/v2\/users\/1"}],"replies":[{"embeddable":true,"href":"https:\/\/internacional.udp.cl\/en\/wp-json\/wp\/v2\/comments?post=8038"}],"version-history":[{"count":1,"href":"https:\/\/internacional.udp.cl\/en\/wp-json\/wp\/v2\/posts\/8038\/revisions"}],"predecessor-version":[{"id":9019,"href":"https:\/\/internacional.udp.cl\/en\/wp-json\/wp\/v2\/posts\/8038\/revisions\/9019"}],"wp:featuredmedia":[{"embeddable":true,"href":"https:\/\/internacional.udp.cl\/en\/wp-json\/wp\/v2\/media\/9018"}],"wp:attachment":[{"href":"https:\/\/internacional.udp.cl\/en\/wp-json\/wp\/v2\/media?parent=8038"}],"wp:term":[{"taxonomy":"category","embeddable":true,"href":"https:\/\/internacional.udp.cl\/en\/wp-json\/wp\/v2\/categories?post=8038"},{"taxonomy":"post_tag","embeddable":true,"href":"https:\/\/internacional.udp.cl\/en\/wp-json\/wp\/v2\/tags?post=8038"}],"curies":[{"name":"wp","href":"https:\/\/api.w.org\/{rel}","templated":true}]}}