{"id":8021,"date":"2022-08-17T15:14:52","date_gmt":"2022-08-17T15:14:52","guid":{"rendered":"https:\/\/internacional.udp.cl\/?p=8021"},"modified":"2023-03-21T16:17:32","modified_gmt":"2023-03-21T16:17:32","slug":"nuevo-reglamento-de-convalidaciones-udp-2022","status":"publish","type":"post","link":"https:\/\/internacional.udp.cl\/en\/nuevo-reglamento-de-convalidaciones-udp-2022\/","title":{"rendered":"Nuevo reglamento de convalidaciones UDP permitir\u00e1 reconocer el valor de la movilidad internacional en la formaci\u00f3n acad\u00e9mica de nuestros estudiantes\u00a0\u00a0"},"content":{"rendered":"<p class=\"qtranxs-available-languages-message qtranxs-available-languages-message-en\">Sorry, this entry is only available in <a href=\"https:\/\/internacional.udp.cl\/es\/wp-json\/wp\/v2\/posts\/8021\" class=\"qtranxs-available-language-link qtranxs-available-language-link-es\" title=\"ES\">ES<\/a>.<\/p>","protected":false},"excerpt":{"rendered":"<p>Sorry, this entry is only available in ES.<\/p>\n","protected":false},"author":1,"featured_media":9020,"comment_status":"open","ping_status":"open","sticky":false,"template":"","format":"standard","meta":{"_acf_changed":false,"footnotes":""},"categories":[1],"tags":[],"class_list":["post-8021","post","type-post","status-publish","format-standard","has-post-thumbnail","hentry","category-noticias"],"acf":[],"_links":{"self":[{"href":"https:\/\/internacional.udp.cl\/en\/wp-json\/wp\/v2\/posts\/8021","targetHints":{"allow":["GET"]}}],"collection":[{"href":"https:\/\/internacional.udp.cl\/en\/wp-json\/wp\/v2\/posts"}],"about":[{"href":"https:\/\/internacional.udp.cl\/en\/wp-json\/wp\/v2\/types\/post"}],"author":[{"embeddable":true,"href":"https:\/\/internacional.udp.cl\/en\/wp-json\/wp\/v2\/users\/1"}],"replies":[{"embeddable":true,"href":"https:\/\/internacional.udp.cl\/en\/wp-json\/wp\/v2\/comments?post=8021"}],"version-history":[{"count":1,"href":"https:\/\/internacional.udp.cl\/en\/wp-json\/wp\/v2\/posts\/8021\/revisions"}],"predecessor-version":[{"id":9021,"href":"https:\/\/internacional.udp.cl\/en\/wp-json\/wp\/v2\/posts\/8021\/revisions\/9021"}],"wp:featuredmedia":[{"embeddable":true,"href":"https:\/\/internacional.udp.cl\/en\/wp-json\/wp\/v2\/media\/9020"}],"wp:attachment":[{"href":"https:\/\/internacional.udp.cl\/en\/wp-json\/wp\/v2\/media?parent=8021"}],"wp:term":[{"taxonomy":"category","embeddable":true,"href":"https:\/\/internacional.udp.cl\/en\/wp-json\/wp\/v2\/categories?post=8021"},{"taxonomy":"post_tag","embeddable":true,"href":"https:\/\/internacional.udp.cl\/en\/wp-json\/wp\/v2\/tags?post=8021"}],"curies":[{"name":"wp","href":"https:\/\/api.w.org\/{rel}","templated":true}]}}