{"id":7146,"date":"2022-06-07T17:56:25","date_gmt":"2022-06-07T17:56:25","guid":{"rendered":"https:\/\/internacional.udp.cl\/?p=7146"},"modified":"2023-03-21T20:13:48","modified_gmt":"2023-03-21T20:13:48","slug":"udp-participo-en-el-encuentro-mas-grande-del-mundo-en-promocion-de-intercambio-academico","status":"publish","type":"post","link":"https:\/\/internacional.udp.cl\/en\/udp-participo-en-el-encuentro-mas-grande-del-mundo-en-promocion-de-intercambio-academico\/","title":{"rendered":"UDP PARTICIP\u00d3 EN EL ENCUENTRO M\u00c1S GRANDE DEL MUNDO EN PROMOCI\u00d3N DE INTERCAMBIO ACAD\u00c9MICO"},"content":{"rendered":"<p class=\"qtranxs-available-languages-message qtranxs-available-languages-message-en\">Sorry, this entry is only available in <a href=\"https:\/\/internacional.udp.cl\/es\/wp-json\/wp\/v2\/posts\/7146\" class=\"qtranxs-available-language-link qtranxs-available-language-link-es\" title=\"ES\">ES<\/a>.<\/p>","protected":false},"excerpt":{"rendered":"<p>Sorry, this entry is only available in ES.<\/p>\n","protected":false},"author":1,"featured_media":9053,"comment_status":"open","ping_status":"open","sticky":false,"template":"","format":"standard","meta":{"_acf_changed":false,"footnotes":""},"categories":[1],"tags":[],"class_list":["post-7146","post","type-post","status-publish","format-standard","has-post-thumbnail","hentry","category-noticias"],"acf":[],"_links":{"self":[{"href":"https:\/\/internacional.udp.cl\/en\/wp-json\/wp\/v2\/posts\/7146","targetHints":{"allow":["GET"]}}],"collection":[{"href":"https:\/\/internacional.udp.cl\/en\/wp-json\/wp\/v2\/posts"}],"about":[{"href":"https:\/\/internacional.udp.cl\/en\/wp-json\/wp\/v2\/types\/post"}],"author":[{"embeddable":true,"href":"https:\/\/internacional.udp.cl\/en\/wp-json\/wp\/v2\/users\/1"}],"replies":[{"embeddable":true,"href":"https:\/\/internacional.udp.cl\/en\/wp-json\/wp\/v2\/comments?post=7146"}],"version-history":[{"count":1,"href":"https:\/\/internacional.udp.cl\/en\/wp-json\/wp\/v2\/posts\/7146\/revisions"}],"predecessor-version":[{"id":9054,"href":"https:\/\/internacional.udp.cl\/en\/wp-json\/wp\/v2\/posts\/7146\/revisions\/9054"}],"wp:featuredmedia":[{"embeddable":true,"href":"https:\/\/internacional.udp.cl\/en\/wp-json\/wp\/v2\/media\/9053"}],"wp:attachment":[{"href":"https:\/\/internacional.udp.cl\/en\/wp-json\/wp\/v2\/media?parent=7146"}],"wp:term":[{"taxonomy":"category","embeddable":true,"href":"https:\/\/internacional.udp.cl\/en\/wp-json\/wp\/v2\/categories?post=7146"},{"taxonomy":"post_tag","embeddable":true,"href":"https:\/\/internacional.udp.cl\/en\/wp-json\/wp\/v2\/tags?post=7146"}],"curies":[{"name":"wp","href":"https:\/\/api.w.org\/{rel}","templated":true}]}}